{"id":1565,"date":"2021-02-26T18:05:34","date_gmt":"2021-02-26T18:05:34","guid":{"rendered":"https:\/\/rosen-testing.senate.gov\/2021\/02\/26\/rosen-helps-introduce-legislation-to-safeguard-immigrant-children\/"},"modified":"2022-07-13T20:23:23","modified_gmt":"2022-07-13T20:23:23","slug":"rosen-helps-introduce-legislation-to-safeguard-immigrant-children","status":"publish","type":"post","link":"https:\/\/www.rosen.senate.gov\/es\/2021\/02\/26\/rosen-helps-introduce-legislation-to-safeguard-immigrant-children\/","title":{"rendered":"Rosen Helps Introduce Legislation to Safeguard Immigrant Children"},"content":{"rendered":"<p><span style=\"font-size:11pt\"><span style=\"font-family:Calibri,sans-serif\"><b><span style=\"font-size:14.0pt\"><span style=\"font-family:&quot;Times New Roman&quot;,serif\">WASHINGTON, D.C.<\/span><\/span><\/b><span style=\"font-size:14.0pt\"><span style=\"font-family:&quot;Times New Roman&quot;,serif\">&nbsp;\u2013&nbsp;Today, U.S. Senator Jacky Rosen (D-NV), a member of the Senate Homeland Security and Governmental Affairs Committee (HSGAC), announced her original co-sponsorship of the<i> Protection of Kids in Detention<\/i> (PROKID) <i>Act<\/i>, legislation that would provide additional oversight to ensure the safety of immigrant children in government custody, as well as enact measures for transparency and accountability.<\/span><\/span><\/span><\/span><\/p>\n<p><span style=\"font-size:11pt\"><span style=\"font-family:Calibri,sans-serif\"><span style=\"font-size:14.0pt\"><span style=\"font-family:&quot;Times New Roman&quot;,serif\">\u201cI\u2019m proud to support this legislation that will provide much-needed oversight to ensure protection, accountability, and humane treatment for all migrant children in any kind of U.S. government custody,\u201d <b>dijo el Senador Rosen. <\/b>\u201cThe Trump Administration\u2019s cruel family separation policy caused permanent damage to thousands of migrant children, and left a stain on our nation\u2019s history as a safe harbor for migrants searching for refuge. I will continue working to ensure the safety of children in our nation\u2019s care and keep fighting until all children are treated in a way that aligns with our American values.\u201d<\/span><\/span><\/span><\/span><\/p>\n<p><span style=\"font-size:11pt\"><span style=\"font-family:Calibri,sans-serif\"><b><u><span style=\"font-size:14.0pt\"><span style=\"font-family:&quot;Times New Roman&quot;,serif\">BACKGROUND:<\/span><\/span><\/u><\/b><span style=\"font-size:14.0pt\"><span style=\"font-family:&quot;Times New Roman&quot;,serif\"> A key component of the <i>PROKID Act<\/i> includes the creation of a permanent Office of the Ombudsperson within the Department of Health and Human Services (HHS) to act as an advocate, subject-matter expert, and independent authority responsible for ensuring that the rights afforded to children by the Flores Settlement Agreement, the 2008 Trafficking Victims Protection Reauthorization Act (TVPRA), and other relevant statutes are properly recognized, applied and enforced.<\/span><\/span><\/span><\/span><\/p>\n<p><span style=\"font-size:11pt\"><span style=\"font-family:Calibri,sans-serif\"><span style=\"font-size:14.0pt\"><span style=\"font-family:&quot;Times New Roman&quot;,serif\">More specifically, <i>PROKID Act<\/i> would:<\/span><\/span><\/span><\/span><\/p>\n<ul>\n<li><span style=\"font-size:11pt\"><span style=\"font-family:Calibri,sans-serif\"><span style=\"font-size:14.0pt\"><span style=\"font-family:&quot;Times New Roman&quot;,serif\">Ensure that immigrant children are only held in government custody in the least restrictive setting;<\/span><\/span><\/span><\/span><\/li>\n<li><span style=\"font-size:11pt\"><span style=\"font-family:Calibri,sans-serif\"><span style=\"font-size:14.0pt\"><span style=\"font-family:&quot;Times New Roman&quot;,serif\">Empower the Ombudsperson to advocate for the quick, safe, and efficient release of immigrant children from government custody whenever possible, including the right to review placement decisions;<\/span><\/span><\/span><\/span><\/li>\n<li><span style=\"font-size:11pt\"><span style=\"font-family:Calibri,sans-serif\"><span style=\"font-size:14.0pt\"><span style=\"font-family:&quot;Times New Roman&quot;,serif\">Create an expert advisory committee made of up immigration law and child protection specialists to report on trends from the field and advise on best practices; and<\/span><\/span><\/span><\/span><\/li>\n<li><span style=\"font-size:11pt\"><span style=\"font-family:Calibri,sans-serif\"><span style=\"font-size:14.0pt\"><span style=\"font-family:&quot;Times New Roman&quot;,serif\">Mandate the establishment of a Memorandum of Understanding with the Department of Homeland Security (DHS) to facilitate a close working relationship and ensure visibility, real-time communication, and influence policy and procedures for those children in temporary DHS custody.<\/span><\/span><\/span><\/span><\/li>\n<\/ul>\n<p><span style=\"font-size:11pt\"><span style=\"font-family:Calibri,sans-serif\"><span style=\"font-size:14.0pt\"><span style=\"font-family:&quot;Times New Roman&quot;,serif\">los <i>PROKID Act<\/i> is endorsed by the National Immigrant Justice Center (NIJC), Vera Institute of Justice, National Immigration Law Center (NILC), Women&#8217;s Refugee Commission, Kids in Need of Defense (KIND), The Young Center, American Federation of Teachers (AFT), United States Conference of Catholic Bishops (USCCB), Lutheran Immigration and Refugee Service (LIRS), Refugees International, Center for Gender &amp; Refugee Studies, HIAS, New York Immigration Coalition, NETWORK Lobby for Catholic Social Justice, National Employment Law Project, Save the Children Action Network, First Focus on Children, MomsRising\/Mam\u00e1sConPoder, Advocates for Human Rights, America\u2019s Voice, Hispanic Federation, Jewish Council for Public Affairs, Center for Victims of Torture, Bridges Faith Initiative, Black Alliance for Just Immigration (BAJI), National Association of Pediatric Nurse Practitioners (NAPNAP), Oxfam, U.S. Committee for Refugees and Immigrants (USCRI), ChildFund, and Church World Service (CWS).<\/span><\/span><\/span><\/span><\/p>\n<p align=\"center\" style=\"text-align:center\"><span style=\"font-size:11pt\"><span style=\"font-family:Calibri,sans-serif\"><span style=\"font-size:14.0pt\"><span style=\"font-family:&quot;Times New Roman&quot;,serif\">###<\/span><\/span><\/span><\/span><\/p>\n<p align=\"center\" style=\"text-align:center\"><span style=\"font-size:12pt\"><span style=\"font-family:&quot;Times New Roman&quot;,serif\"><b><span style=\"font-size:18.0pt\"><span style=\"color:black\">Rosen Ayuda A Introducir Legislaci\u00f3n Para Proteger A Ni\u00f1os Inmigrantes<\/span><\/span><\/b><\/span><\/span><\/p>\n<p><span style=\"font-size:12pt\"><span style=\"font-family:&quot;Times New Roman&quot;,serif\"><b>&nbsp;<\/b><span style=\"white-space:pre-wrap\"><b>&nbsp;<\/b><\/span><\/span><\/span><span style=\"font-size:12pt\"><span style=\"font-family:&quot;Times New Roman&quot;,serif\"><span style=\"white-space:pre-wrap\"><b><span style=\"font-size:14.0pt\"><span style=\"color:black\">WASHINGTON DC<\/span><\/span><\/b><\/span><span style=\"white-space:pre-wrap\"><span style=\"font-size:14.0pt\"><span style=\"color:black\"> &#8211; Hoy, la Senadora Jacky Rosen (D-NV), miembro del Comit\u00e9 de Seguridad Nacional y Asuntos Gubernamentales (HSGAG, por sus siglas en ingl\u00e9s), anunci\u00f3 su copatrocinio del proyecto de ley <\/span><\/span><i><span style=\"white-space:pre-wrap\"><span style=\"font-size:14.0pt\">Protecci\u00f3n de Ni\u00f1os en Detenci\u00f3n<\/span><\/span><\/i><span style=\"white-space:pre-wrap\"><span style=\"font-size:14.0pt\"> (PROKID Act, por sus siglas en ingl\u00e9s), legislaci\u00f3n que propone supervisi\u00f3n adicional para garantizar la seguridad de ni\u00f1os inmigrantes en custodia del gobierno.<\/span><\/span><\/span><\/span><\/span><\/p>\n<p><span style=\"font-size:12pt\"><span style=\"font-family:&quot;Times New Roman&quot;,serif\"><span style=\"white-space:pre-wrap\"><span style=\"font-size:14.0pt\"><span style=\"color:black\">\u201cMe enorgullece apoyar esta legislaci\u00f3n porque las medidas propuestas son necesarias para garantizar la protecci\u00f3n y seguridad de menores de edad bajo cualquier tipo de custodia del gobierno de los Estados Unidos\u201d, <\/span><\/span><b><span style=\"white-space:pre-wrap\"><span style=\"font-size:14.0pt\">dijo la Senadora Rosen. <\/span><\/span><\/b><span style=\"white-space:pre-wrap\"><span style=\"font-size:14.0pt\">\u201cLa cruel pol\u00edtica de separaci\u00f3n familiar de la Administraci\u00f3n de Trump caus\u00f3 da\u00f1o permanente a miles de ni\u00f1os inmigrantes y dej\u00f3 una mancha en la historia de nuestra naci\u00f3n como puerto seguro para inmigrantes buscando refugio. Seguir\u00e9 luchando para garantizar la seguridad de los ni\u00f1os bajo el cuidado de nuestra naci\u00f3n\u201d.<\/span><\/span><\/span><\/span><\/span><\/p>\n<p><span style=\"font-size:12pt\"><span style=\"font-family:&quot;Times New Roman&quot;,serif\"><span style=\"-webkit-text-decoration-skip:none\"><span style=\"text-decoration-skip-ink:none\"><span style=\"white-space:pre-wrap\"><b><u><span style=\"font-size:14.0pt\"><span style=\"color:black\">ANTECEDENTES:<\/span><\/span><\/u><\/b><\/span><\/span><\/span><span style=\"white-space:pre-wrap\"><span style=\"font-size:14.0pt\"><span style=\"color:black\"> Un componente clave de la <\/span><\/span><i><span style=\"white-space:pre-wrap\"><span style=\"font-size:14.0pt\">Ley PROKID <\/span><\/span><\/i><span style=\"white-space:pre-wrap\"><span style=\"font-size:14.0pt\">incluye la creaci\u00f3n de una Oficina de Defensor del Pueblo Permanente dentro del Departamento de Salud y Servicios Humanos (HHS, por sus siglas en ingl\u00e9s) para actuar como defensor, experto en la materia y autoridad independiente responsable de garantizar que los derechos otorgados a los ni\u00f1os bajo el Acuerdo de Resoluci\u00f3n de Flores, la <\/span><i><span style=\"white-space:pre-wrap\">Ley de Reautorizaci\u00f3n de Protecci\u00f3n de V\u00edctimas de 2008 <\/span><\/i><span style=\"white-space:pre-wrap\">(TVPRA, por sus siglas en ingl\u00e9s) y otras leyes pertinentes sean reconocidas y aplicadas.&nbsp;<\/span><\/span><\/span><\/span><\/span><\/p>\n<p><span style=\"font-size:12pt\"><span style=\"font-family:&quot;Times New Roman&quot;,serif\"><span style=\"font-size:14.0pt\"><span style=\"color:black\">Espec\u00edficamente, la <\/span><\/span><i><span style=\"white-space:pre-wrap\"><span style=\"font-size:14.0pt\">Ley PROKID<\/span><\/span><\/i><span style=\"white-space:pre-wrap\"><span style=\"font-size:14.0pt\"> har\u00eda lo siguiente:<\/span><\/span><\/span><\/span><\/p>\n<ul>\n<li role=\"presentation\" style=\"margin-left:8px\"><span style=\"font-size:12pt\"><span style=\"tab-stops:list .5in\"><span style=\"vertical-align:baseline\"><span style=\"font-family:&quot;Times New Roman&quot;,serif\"><span style=\"white-space:pre-wrap\"><span style=\"font-size:14.0pt\"><span style=\"color:black\">Asegurar que los ni\u00f1os inmigrantes solo est\u00e9n bajo la custodia del gobierno en el entorno menos restrictivo;<\/span><\/span><\/span><\/span><\/span><\/span><\/span><\/li>\n<li role=\"presentation\" style=\"margin-left:8px\"><span style=\"font-size:12pt\"><span style=\"tab-stops:list .5in\"><span style=\"vertical-align:baseline\"><span style=\"font-family:&quot;Times New Roman&quot;,serif\"><span style=\"white-space:pre-wrap\"><span style=\"font-size:14.0pt\"><span style=\"color:black\">Empoderar a la Oficina de Defensor del Pueblo para abogar por la liberaci\u00f3n r\u00e1pida, segura y eficiente de los ni\u00f1os inmigrantes de la custodia del gobierno siempre que sea posible;<\/span><\/span><\/span><\/span><\/span><\/span><\/span><\/li>\n<li role=\"presentation\" style=\"margin-left:8px\"><span style=\"font-size:12pt\"><span style=\"tab-stops:list .5in\"><span style=\"vertical-align:baseline\"><span style=\"font-family:&quot;Times New Roman&quot;,serif\"><span style=\"white-space:pre-wrap\"><span style=\"font-size:14.0pt\"><span style=\"color:black\">Crear un comit\u00e9 asesor de expertos compuesto por especialistas en leyes de inmigraci\u00f3n y protecci\u00f3n infantil para informar sobre las mejores pr\u00e1cticas; y<\/span><\/span><\/span><\/span><\/span><\/span><\/span><\/li>\n<li role=\"presentation\" style=\"margin-left:8px\"><span style=\"font-size:12pt\"><span style=\"tab-stops:list .5in\"><span style=\"vertical-align:baseline\"><span style=\"font-family:&quot;Times New Roman&quot;,serif\"><span style=\"white-space:pre-wrap\"><span style=\"font-size:14.0pt\"><span style=\"color:black\">Ordenar el establecimiento de un Memorando de Entendimiento con DHS para asegurar las pol\u00edticas y procedimientos de tratamiento de ni\u00f1os bajo custodia del DHS.<\/span><\/span><\/span><\/span><\/span><\/span><\/span><\/li>\n<\/ul>\n<p class=\"text-align-center\"><span style=\"font-size:11pt\"><span style=\"font-family:Calibri,sans-serif\"><span style=\"font-size:14.0pt\"><span style=\"font-family:&quot;Times New Roman&quot;,serif\">###<\/span><\/span><\/span><\/span><\/p>","protected":false},"excerpt":{"rendered":"<p>WASHINGTON, D.C.&nbsp;\u2013&nbsp;Today, U.S. Senator Jacky Rosen (D-NV), a member of the Senate Homeland Security and Governmental Affairs Committee (HSGAC), announced her original co-sponsorship of the Protection of Kids in Detention (PROKID) Act, legislation that would provide additional oversight to ensure the safety of immigrant children in government custody, as well as enact measures for transparency [&hellip;]<\/p>","protected":false},"author":4,"featured_media":0,"comment_status":"closed","ping_status":"closed","sticky":false,"template":"","format":"standard","meta":{"_acf_changed":false,"footnotes":""},"categories":[1],"tags":[15],"class_list":["post-1565","post","type-post","status-publish","format-standard","hentry","category-press_release","tag-immigration"],"acf":[],"yoast_head":"<!-- This site is optimized with the Yoast SEO plugin v24.9 - https:\/\/yoast.com\/wordpress\/plugins\/seo\/ -->\n<title>Rosen Helps Introduce Legislation to Safeguard Immigrant Children - Jacky Rosen<\/title>\n<meta name=\"robots\" content=\"index, follow, max-snippet:-1, max-image-preview:large, max-video-preview:-1\" \/>\n<link rel=\"canonical\" href=\"https:\/\/www.rosen.senate.gov\/es\/2021\/02\/26\/rosen-helps-introduce-legislation-to-safeguard-immigrant-children\/\" \/>\n<meta property=\"og:locale\" content=\"es_ES\" \/>\n<meta property=\"og:type\" content=\"article\" \/>\n<meta property=\"og:title\" content=\"Rosen Helps Introduce Legislation to Safeguard Immigrant Children - Jacky Rosen\" \/>\n<meta property=\"og:description\" content=\"WASHINGTON, D.C.&nbsp;\u2013&nbsp;Today, U.S. Senator Jacky Rosen (D-NV), a member of the Senate Homeland Security and Governmental Affairs Committee (HSGAC), announced her original co-sponsorship of the Protection of Kids in Detention (PROKID) Act, legislation that would provide additional oversight to ensure the safety of immigrant children in government custody, as well as enact measures for transparency [&hellip;]\" \/>\n<meta property=\"og:url\" content=\"https:\/\/www.rosen.senate.gov\/es\/2021\/02\/26\/rosen-helps-introduce-legislation-to-safeguard-immigrant-children\/\" \/>\n<meta property=\"og:site_name\" content=\"Jacky Rosen\" \/>\n<meta property=\"article:published_time\" content=\"2021-02-26T18:05:34+00:00\" \/>\n<meta property=\"article:modified_time\" content=\"2022-07-13T20:23:23+00:00\" \/>\n<meta name=\"author\" content=\"Reilly Lowery\" \/>\n<meta name=\"twitter:card\" content=\"summary_large_image\" \/>\n<meta name=\"twitter:label1\" content=\"Written by\" \/>\n\t<meta name=\"twitter:data1\" content=\"Reilly Lowery\" \/>\n\t<meta name=\"twitter:label2\" content=\"Est. reading time\" \/>\n\t<meta name=\"twitter:data2\" content=\"4 minutes\" \/>\n<script type=\"application\/ld+json\" class=\"yoast-schema-graph\">{\"@context\":\"https:\/\/schema.org\",\"@graph\":[{\"@type\":\"Article\",\"@id\":\"https:\/\/www.rosen.senate.gov\/2021\/02\/26\/rosen-helps-introduce-legislation-to-safeguard-immigrant-children\/#article\",\"isPartOf\":{\"@id\":\"https:\/\/www.rosen.senate.gov\/2021\/02\/26\/rosen-helps-introduce-legislation-to-safeguard-immigrant-children\/\"},\"author\":{\"name\":\"Reilly Lowery\",\"@id\":\"https:\/\/www.rosen.senate.gov\/#\/schema\/person\/20a03a641934935d4f3d4ef406539869\"},\"headline\":\"Rosen Helps Introduce Legislation to Safeguard Immigrant Children\",\"datePublished\":\"2021-02-26T18:05:34+00:00\",\"dateModified\":\"2022-07-13T20:23:23+00:00\",\"mainEntityOfPage\":{\"@id\":\"https:\/\/www.rosen.senate.gov\/2021\/02\/26\/rosen-helps-introduce-legislation-to-safeguard-immigrant-children\/\"},\"wordCount\":871,\"publisher\":{\"@id\":\"https:\/\/www.rosen.senate.gov\/#organization\"},\"keywords\":[\"Immigration\"],\"articleSection\":[\"Press Releases\"],\"inLanguage\":\"es-ES\"},{\"@type\":\"WebPage\",\"@id\":\"https:\/\/www.rosen.senate.gov\/2021\/02\/26\/rosen-helps-introduce-legislation-to-safeguard-immigrant-children\/\",\"url\":\"https:\/\/www.rosen.senate.gov\/2021\/02\/26\/rosen-helps-introduce-legislation-to-safeguard-immigrant-children\/\",\"name\":\"Rosen Helps Introduce Legislation to Safeguard Immigrant Children - Jacky Rosen\",\"isPartOf\":{\"@id\":\"https:\/\/www.rosen.senate.gov\/#website\"},\"datePublished\":\"2021-02-26T18:05:34+00:00\",\"dateModified\":\"2022-07-13T20:23:23+00:00\",\"breadcrumb\":{\"@id\":\"https:\/\/www.rosen.senate.gov\/2021\/02\/26\/rosen-helps-introduce-legislation-to-safeguard-immigrant-children\/#breadcrumb\"},\"inLanguage\":\"es-ES\",\"potentialAction\":[{\"@type\":\"ReadAction\",\"target\":[\"https:\/\/www.rosen.senate.gov\/2021\/02\/26\/rosen-helps-introduce-legislation-to-safeguard-immigrant-children\/\"]}]},{\"@type\":\"BreadcrumbList\",\"@id\":\"https:\/\/www.rosen.senate.gov\/2021\/02\/26\/rosen-helps-introduce-legislation-to-safeguard-immigrant-children\/#breadcrumb\",\"itemListElement\":[{\"@type\":\"ListItem\",\"position\":1,\"name\":\"Home\",\"item\":\"https:\/\/www.rosen.senate.gov\/\"},{\"@type\":\"ListItem\",\"position\":2,\"name\":\"Rosen Helps Introduce Legislation to Safeguard Immigrant Children\"}]},{\"@type\":\"WebSite\",\"@id\":\"https:\/\/www.rosen.senate.gov\/#website\",\"url\":\"https:\/\/www.rosen.senate.gov\/\",\"name\":\"Jacky Rosen\",\"description\":\"Senator for Nevada\",\"publisher\":{\"@id\":\"https:\/\/www.rosen.senate.gov\/#organization\"},\"potentialAction\":[{\"@type\":\"SearchAction\",\"target\":{\"@type\":\"EntryPoint\",\"urlTemplate\":\"https:\/\/www.rosen.senate.gov\/?s={search_term_string}\"},\"query-input\":{\"@type\":\"PropertyValueSpecification\",\"valueRequired\":true,\"valueName\":\"search_term_string\"}}],\"inLanguage\":\"es-ES\"},{\"@type\":\"Organization\",\"@id\":\"https:\/\/www.rosen.senate.gov\/#organization\",\"name\":\"United States Senate\",\"url\":\"https:\/\/www.rosen.senate.gov\/\",\"logo\":{\"@type\":\"ImageObject\",\"inLanguage\":\"es-ES\",\"@id\":\"https:\/\/www.rosen.senate.gov\/#\/schema\/logo\/image\/\",\"url\":\"https:\/\/www.rosen.senate.gov\/wp-content\/uploads\/2022\/05\/logo-large.png\",\"contentUrl\":\"https:\/\/www.rosen.senate.gov\/wp-content\/uploads\/2022\/05\/logo-large.png\",\"width\":631,\"height\":287,\"caption\":\"United States Senate\"},\"image\":{\"@id\":\"https:\/\/www.rosen.senate.gov\/#\/schema\/logo\/image\/\"}},{\"@type\":\"Person\",\"@id\":\"https:\/\/www.rosen.senate.gov\/#\/schema\/person\/20a03a641934935d4f3d4ef406539869\",\"name\":\"Reilly Lowery\",\"image\":{\"@type\":\"ImageObject\",\"inLanguage\":\"es-ES\",\"@id\":\"https:\/\/www.rosen.senate.gov\/#\/schema\/person\/image\/\",\"url\":\"https:\/\/secure.gravatar.com\/avatar\/255c914696a2d3a7c7933a27408b26fe?s=96&d=mm&r=g\",\"contentUrl\":\"https:\/\/secure.gravatar.com\/avatar\/255c914696a2d3a7c7933a27408b26fe?s=96&d=mm&r=g\",\"caption\":\"Reilly Lowery\"},\"url\":\"https:\/\/www.rosen.senate.gov\/es\/author\/r-lowery\/\"}]}<\/script>\n<!-- \/ Yoast SEO plugin. -->","yoast_head_json":{"title":"Rosen Helps Introduce Legislation to Safeguard Immigrant Children - Jacky Rosen","robots":{"index":"index","follow":"follow","max-snippet":"max-snippet:-1","max-image-preview":"max-image-preview:large","max-video-preview":"max-video-preview:-1"},"canonical":"https:\/\/www.rosen.senate.gov\/es\/2021\/02\/26\/rosen-helps-introduce-legislation-to-safeguard-immigrant-children\/","og_locale":"es_ES","og_type":"article","og_title":"Rosen Helps Introduce Legislation to Safeguard Immigrant Children - Jacky Rosen","og_description":"WASHINGTON, D.C.&nbsp;\u2013&nbsp;Today, U.S. Senator Jacky Rosen (D-NV), a member of the Senate Homeland Security and Governmental Affairs Committee (HSGAC), announced her original co-sponsorship of the Protection of Kids in Detention (PROKID) Act, legislation that would provide additional oversight to ensure the safety of immigrant children in government custody, as well as enact measures for transparency [&hellip;]","og_url":"https:\/\/www.rosen.senate.gov\/es\/2021\/02\/26\/rosen-helps-introduce-legislation-to-safeguard-immigrant-children\/","og_site_name":"Jacky Rosen","article_published_time":"2021-02-26T18:05:34+00:00","article_modified_time":"2022-07-13T20:23:23+00:00","author":"Reilly Lowery","twitter_card":"summary_large_image","twitter_misc":{"Written by":"Reilly Lowery","Est. reading time":"4 minutes"},"schema":{"@context":"https:\/\/schema.org","@graph":[{"@type":"Article","@id":"https:\/\/www.rosen.senate.gov\/2021\/02\/26\/rosen-helps-introduce-legislation-to-safeguard-immigrant-children\/#article","isPartOf":{"@id":"https:\/\/www.rosen.senate.gov\/2021\/02\/26\/rosen-helps-introduce-legislation-to-safeguard-immigrant-children\/"},"author":{"name":"Reilly Lowery","@id":"https:\/\/www.rosen.senate.gov\/#\/schema\/person\/20a03a641934935d4f3d4ef406539869"},"headline":"Rosen Helps Introduce Legislation to Safeguard Immigrant Children","datePublished":"2021-02-26T18:05:34+00:00","dateModified":"2022-07-13T20:23:23+00:00","mainEntityOfPage":{"@id":"https:\/\/www.rosen.senate.gov\/2021\/02\/26\/rosen-helps-introduce-legislation-to-safeguard-immigrant-children\/"},"wordCount":871,"publisher":{"@id":"https:\/\/www.rosen.senate.gov\/#organization"},"keywords":["Immigration"],"articleSection":["Press Releases"],"inLanguage":"es-ES"},{"@type":"WebPage","@id":"https:\/\/www.rosen.senate.gov\/2021\/02\/26\/rosen-helps-introduce-legislation-to-safeguard-immigrant-children\/","url":"https:\/\/www.rosen.senate.gov\/2021\/02\/26\/rosen-helps-introduce-legislation-to-safeguard-immigrant-children\/","name":"Rosen Helps Introduce Legislation to Safeguard Immigrant Children - Jacky Rosen","isPartOf":{"@id":"https:\/\/www.rosen.senate.gov\/#website"},"datePublished":"2021-02-26T18:05:34+00:00","dateModified":"2022-07-13T20:23:23+00:00","breadcrumb":{"@id":"https:\/\/www.rosen.senate.gov\/2021\/02\/26\/rosen-helps-introduce-legislation-to-safeguard-immigrant-children\/#breadcrumb"},"inLanguage":"es-ES","potentialAction":[{"@type":"ReadAction","target":["https:\/\/www.rosen.senate.gov\/2021\/02\/26\/rosen-helps-introduce-legislation-to-safeguard-immigrant-children\/"]}]},{"@type":"BreadcrumbList","@id":"https:\/\/www.rosen.senate.gov\/2021\/02\/26\/rosen-helps-introduce-legislation-to-safeguard-immigrant-children\/#breadcrumb","itemListElement":[{"@type":"ListItem","position":1,"name":"Home","item":"https:\/\/www.rosen.senate.gov\/"},{"@type":"ListItem","position":2,"name":"Rosen Helps Introduce Legislation to Safeguard Immigrant Children"}]},{"@type":"WebSite","@id":"https:\/\/www.rosen.senate.gov\/#website","url":"https:\/\/www.rosen.senate.gov\/","name":"Jacky Rosen","description":"Senator for Nevada","publisher":{"@id":"https:\/\/www.rosen.senate.gov\/#organization"},"potentialAction":[{"@type":"SearchAction","target":{"@type":"EntryPoint","urlTemplate":"https:\/\/www.rosen.senate.gov\/?s={search_term_string}"},"query-input":{"@type":"PropertyValueSpecification","valueRequired":true,"valueName":"search_term_string"}}],"inLanguage":"es-ES"},{"@type":"Organization","@id":"https:\/\/www.rosen.senate.gov\/#organization","name":"United States Senate","url":"https:\/\/www.rosen.senate.gov\/","logo":{"@type":"ImageObject","inLanguage":"es-ES","@id":"https:\/\/www.rosen.senate.gov\/#\/schema\/logo\/image\/","url":"https:\/\/www.rosen.senate.gov\/wp-content\/uploads\/2022\/05\/logo-large.png","contentUrl":"https:\/\/www.rosen.senate.gov\/wp-content\/uploads\/2022\/05\/logo-large.png","width":631,"height":287,"caption":"United States Senate"},"image":{"@id":"https:\/\/www.rosen.senate.gov\/#\/schema\/logo\/image\/"}},{"@type":"Person","@id":"https:\/\/www.rosen.senate.gov\/#\/schema\/person\/20a03a641934935d4f3d4ef406539869","name":"Reilly Lowery","image":{"@type":"ImageObject","inLanguage":"es-ES","@id":"https:\/\/www.rosen.senate.gov\/#\/schema\/person\/image\/","url":"https:\/\/secure.gravatar.com\/avatar\/255c914696a2d3a7c7933a27408b26fe?s=96&d=mm&r=g","contentUrl":"https:\/\/secure.gravatar.com\/avatar\/255c914696a2d3a7c7933a27408b26fe?s=96&d=mm&r=g","caption":"Reilly Lowery"},"url":"https:\/\/www.rosen.senate.gov\/es\/author\/r-lowery\/"}]}},"_links":{"self":[{"href":"https:\/\/www.rosen.senate.gov\/es\/wp-json\/wp\/v2\/posts\/1565","targetHints":{"allow":["GET"]}}],"collection":[{"href":"https:\/\/www.rosen.senate.gov\/es\/wp-json\/wp\/v2\/posts"}],"about":[{"href":"https:\/\/www.rosen.senate.gov\/es\/wp-json\/wp\/v2\/types\/post"}],"author":[{"embeddable":true,"href":"https:\/\/www.rosen.senate.gov\/es\/wp-json\/wp\/v2\/users\/4"}],"replies":[{"embeddable":true,"href":"https:\/\/www.rosen.senate.gov\/es\/wp-json\/wp\/v2\/comments?post=1565"}],"version-history":[{"count":1,"href":"https:\/\/www.rosen.senate.gov\/es\/wp-json\/wp\/v2\/posts\/1565\/revisions"}],"predecessor-version":[{"id":2772,"href":"https:\/\/www.rosen.senate.gov\/es\/wp-json\/wp\/v2\/posts\/1565\/revisions\/2772"}],"wp:attachment":[{"href":"https:\/\/www.rosen.senate.gov\/es\/wp-json\/wp\/v2\/media?parent=1565"}],"wp:term":[{"taxonomy":"category","embeddable":true,"href":"https:\/\/www.rosen.senate.gov\/es\/wp-json\/wp\/v2\/categories?post=1565"},{"taxonomy":"post_tag","embeddable":true,"href":"https:\/\/www.rosen.senate.gov\/es\/wp-json\/wp\/v2\/tags?post=1565"}],"curies":[{"name":"wp","href":"https:\/\/api.w.org\/{rel}","templated":true}]}}