{"id":5946,"date":"2022-09-20T16:02:14","date_gmt":"2022-09-20T16:02:14","guid":{"rendered":"https:\/\/rosen-testing.senate.gov\/?p=5946"},"modified":"2023-01-31T17:45:26","modified_gmt":"2023-01-31T17:45:26","slug":"on-national-voter-registration-day-rosen-urges-nevadans-to-get-registered-to-vote","status":"publish","type":"post","link":"https:\/\/www.rosen.senate.gov\/es\/2022\/09\/20\/on-national-voter-registration-day-rosen-urges-nevadans-to-get-registered-to-vote\/","title":{"rendered":"On National Voter Registration Day, Rosen Urges Nevadans to Get Registered to Vote"},"content":{"rendered":"<p><strong>WASHINGTON DC <\/strong>\u2013 Today, on National Voter Registration Day, U.S. Senator Jacky Rosen (D-NV) released the following statement and infographic as a resource for all eligible Nevadans to learn how to register to vote and cast their ballot in the upcoming election this November. This online, shareable resource explains what steps Nevadans can take to exercise their right to vote, including their options for voting early by mail or in person.<\/p>\n\n\n\n<p>\u201cEvery eligible Nevadan should have the information they need to register to vote and exercise their most fundamental right,\u201d <strong>dijo el Senador Rosen. <\/strong>\u201cThere is no more important way to make your voice heard in a democracy than at the ballot box, so I encourage everyone eligible to take a moment on National Voter Registration Day to register to vote or update your registration.\u201d<\/p>\n\n\n\n<p>View and share Senator Rosen\u2019s \u201cHow to Vote in Nevada\u201d infographic in English <strong><a href=\"https:\/\/twitter.com\/SenJackyRosen\/status\/1572254221960880128\">aqu\u00ed<\/a><\/strong> and Spanish <strong><a href=\"https:\/\/twitter.com\/SenJackyRosen\/status\/1572254227531014148\">aqu\u00ed<\/a><\/strong>.&nbsp;<\/p>\n\n\n\n<p class=\"has-text-align-center\">###<\/p>\n\n\n\n<p class=\"has-text-align-center\"><strong>En El D\u00eda Nacional De Registro De Votantes, La Senadora Rosen Urge A Los Nevadenses A Registrarse Para Votar<\/strong>&nbsp;<\/p>\n\n\n\n<p><strong>WASHINGTON DC<\/strong> \u2013 Hoy, en el D\u00eda Nacional de Registro de Votantes, la Senadora Jacky Rosen (D-NV) hizo la siguiente declaraci\u00f3n y public\u00f3 un infogr\u00e1fico como un recurso para que todos los nevadenses elegibles tengan informaci\u00f3n de como registrarse y emitir su voto en las elecciones de noviembre. Este recurso virtual y compartible explica los pasos a tomar para ejercer su derecho a votar, incluyendo sus opciones para votar temprano por correo o en persona.<\/p>\n\n\n\n<p>\u201cTodos los nevadenses elegibles deben tener la informaci\u00f3n que necesitan para registrarse a votar y ejercer este derecho fundamental,\u201d <strong>dijo la Senadora Rosen.<\/strong> \u201cNo existe una mejor forma para alzar su voz en una democracia que en las urnas de votaci\u00f3n, y por eso los animo a todos aquellos que sean elegibles para registrarse a votar o actualizar su registraci\u00f3n en el D\u00eda Nacional de Registro de Votantes.\u201d&nbsp;<\/p>\n\n\n\n<p>Vea y comparta el infogr\u00e1fico &#8220;C\u00f3mo Votar en Nevada&#8221; de la Senadora Rosen en ingl\u00e9s <a href=\"https:\/\/twitter.com\/SenJackyRosen\/status\/1572254221960880128\">aqu\u00ed<\/a> y en espa\u00f1ol <a href=\"http:\/\/here\">aqu\u00ed<\/a>.<\/p>\n\n\n\n<p class=\"has-text-align-center\">###<\/p>","protected":false},"excerpt":{"rendered":"<p>WASHINGTON, DC \u2013 Today, on National Voter Registration Day, U.S. Senator Jacky Rosen (D-NV) released the following statement and infographic as a resource for all eligible Nevadans to learn how to register to vote and cast their ballot in the upcoming election this November. This online, shareable resource explains what steps Nevadans can take to [&hellip;]<\/p>","protected":false},"author":10,"featured_media":0,"comment_status":"open","ping_status":"open","sticky":false,"template":"","format":"standard","meta":{"_acf_changed":false,"footnotes":""},"categories":[1],"tags":[13,24],"class_list":["post-5946","post","type-post","status-publish","format-standard","hentry","category-press_release","tag-civil-rights-and-liberties","tag-general"],"acf":[],"yoast_head":"<!-- This site is optimized with the Yoast SEO plugin v24.9 - https:\/\/yoast.com\/wordpress\/plugins\/seo\/ -->\n<title>On National Voter Registration Day, Rosen Urges Nevadans to Get Registered to Vote - Jacky Rosen<\/title>\n<meta name=\"robots\" content=\"index, follow, max-snippet:-1, max-image-preview:large, max-video-preview:-1\" \/>\n<link rel=\"canonical\" href=\"https:\/\/www.rosen.senate.gov\/es\/2022\/09\/20\/on-national-voter-registration-day-rosen-urges-nevadans-to-get-registered-to-vote\/\" \/>\n<meta property=\"og:locale\" content=\"es_ES\" \/>\n<meta property=\"og:type\" content=\"article\" \/>\n<meta property=\"og:title\" content=\"On National Voter Registration Day, Rosen Urges Nevadans to Get Registered to Vote - Jacky Rosen\" \/>\n<meta property=\"og:description\" content=\"WASHINGTON, DC \u2013 Today, on National Voter Registration Day, U.S. Senator Jacky Rosen (D-NV) released the following statement and infographic as a resource for all eligible Nevadans to learn how to register to vote and cast their ballot in the upcoming election this November. This online, shareable resource explains what steps Nevadans can take to [&hellip;]\" \/>\n<meta property=\"og:url\" content=\"https:\/\/www.rosen.senate.gov\/es\/2022\/09\/20\/on-national-voter-registration-day-rosen-urges-nevadans-to-get-registered-to-vote\/\" \/>\n<meta property=\"og:site_name\" content=\"Jacky Rosen\" \/>\n<meta property=\"article:published_time\" content=\"2022-09-20T16:02:14+00:00\" \/>\n<meta property=\"article:modified_time\" content=\"2023-01-31T17:45:26+00:00\" \/>\n<meta name=\"author\" content=\"Joseph Bush\" \/>\n<meta name=\"twitter:card\" content=\"summary_large_image\" \/>\n<meta name=\"twitter:label1\" content=\"Written by\" \/>\n\t<meta name=\"twitter:data1\" content=\"Joseph Bush\" \/>\n\t<meta name=\"twitter:label2\" content=\"Est. reading time\" \/>\n\t<meta name=\"twitter:data2\" content=\"2 minutes\" \/>\n<script type=\"application\/ld+json\" class=\"yoast-schema-graph\">{\"@context\":\"https:\/\/schema.org\",\"@graph\":[{\"@type\":\"Article\",\"@id\":\"https:\/\/www.rosen.senate.gov\/2022\/09\/20\/on-national-voter-registration-day-rosen-urges-nevadans-to-get-registered-to-vote\/#article\",\"isPartOf\":{\"@id\":\"https:\/\/www.rosen.senate.gov\/2022\/09\/20\/on-national-voter-registration-day-rosen-urges-nevadans-to-get-registered-to-vote\/\"},\"author\":{\"name\":\"Joseph Bush\",\"@id\":\"https:\/\/www.rosen.senate.gov\/#\/schema\/person\/c907b4e9d06229b97b0226f217053aa7\"},\"headline\":\"On National Voter Registration Day, Rosen Urges Nevadans to Get Registered to Vote\",\"datePublished\":\"2022-09-20T16:02:14+00:00\",\"dateModified\":\"2023-01-31T17:45:26+00:00\",\"mainEntityOfPage\":{\"@id\":\"https:\/\/www.rosen.senate.gov\/2022\/09\/20\/on-national-voter-registration-day-rosen-urges-nevadans-to-get-registered-to-vote\/\"},\"wordCount\":362,\"commentCount\":0,\"publisher\":{\"@id\":\"https:\/\/www.rosen.senate.gov\/#organization\"},\"keywords\":[\"Civil Rights and Liberties\",\"General\"],\"articleSection\":[\"Press Releases\"],\"inLanguage\":\"es-ES\",\"potentialAction\":[{\"@type\":\"CommentAction\",\"name\":\"Comment\",\"target\":[\"https:\/\/www.rosen.senate.gov\/2022\/09\/20\/on-national-voter-registration-day-rosen-urges-nevadans-to-get-registered-to-vote\/#respond\"]}]},{\"@type\":\"WebPage\",\"@id\":\"https:\/\/www.rosen.senate.gov\/2022\/09\/20\/on-national-voter-registration-day-rosen-urges-nevadans-to-get-registered-to-vote\/\",\"url\":\"https:\/\/www.rosen.senate.gov\/2022\/09\/20\/on-national-voter-registration-day-rosen-urges-nevadans-to-get-registered-to-vote\/\",\"name\":\"On National Voter Registration Day, Rosen Urges Nevadans to Get Registered to Vote - Jacky Rosen\",\"isPartOf\":{\"@id\":\"https:\/\/www.rosen.senate.gov\/#website\"},\"datePublished\":\"2022-09-20T16:02:14+00:00\",\"dateModified\":\"2023-01-31T17:45:26+00:00\",\"breadcrumb\":{\"@id\":\"https:\/\/www.rosen.senate.gov\/2022\/09\/20\/on-national-voter-registration-day-rosen-urges-nevadans-to-get-registered-to-vote\/#breadcrumb\"},\"inLanguage\":\"es-ES\",\"potentialAction\":[{\"@type\":\"ReadAction\",\"target\":[\"https:\/\/www.rosen.senate.gov\/2022\/09\/20\/on-national-voter-registration-day-rosen-urges-nevadans-to-get-registered-to-vote\/\"]}]},{\"@type\":\"BreadcrumbList\",\"@id\":\"https:\/\/www.rosen.senate.gov\/2022\/09\/20\/on-national-voter-registration-day-rosen-urges-nevadans-to-get-registered-to-vote\/#breadcrumb\",\"itemListElement\":[{\"@type\":\"ListItem\",\"position\":1,\"name\":\"Home\",\"item\":\"https:\/\/www.rosen.senate.gov\/\"},{\"@type\":\"ListItem\",\"position\":2,\"name\":\"On National Voter Registration Day, Rosen Urges Nevadans to Get Registered to Vote\"}]},{\"@type\":\"WebSite\",\"@id\":\"https:\/\/www.rosen.senate.gov\/#website\",\"url\":\"https:\/\/www.rosen.senate.gov\/\",\"name\":\"Jacky Rosen\",\"description\":\"Senator for Nevada\",\"publisher\":{\"@id\":\"https:\/\/www.rosen.senate.gov\/#organization\"},\"potentialAction\":[{\"@type\":\"SearchAction\",\"target\":{\"@type\":\"EntryPoint\",\"urlTemplate\":\"https:\/\/www.rosen.senate.gov\/?s={search_term_string}\"},\"query-input\":{\"@type\":\"PropertyValueSpecification\",\"valueRequired\":true,\"valueName\":\"search_term_string\"}}],\"inLanguage\":\"es-ES\"},{\"@type\":\"Organization\",\"@id\":\"https:\/\/www.rosen.senate.gov\/#organization\",\"name\":\"United States Senate\",\"url\":\"https:\/\/www.rosen.senate.gov\/\",\"logo\":{\"@type\":\"ImageObject\",\"inLanguage\":\"es-ES\",\"@id\":\"https:\/\/www.rosen.senate.gov\/#\/schema\/logo\/image\/\",\"url\":\"https:\/\/www.rosen.senate.gov\/wp-content\/uploads\/2022\/05\/logo-large.png\",\"contentUrl\":\"https:\/\/www.rosen.senate.gov\/wp-content\/uploads\/2022\/05\/logo-large.png\",\"width\":631,\"height\":287,\"caption\":\"United States Senate\"},\"image\":{\"@id\":\"https:\/\/www.rosen.senate.gov\/#\/schema\/logo\/image\/\"}},{\"@type\":\"Person\",\"@id\":\"https:\/\/www.rosen.senate.gov\/#\/schema\/person\/c907b4e9d06229b97b0226f217053aa7\",\"name\":\"Joseph Bush\",\"image\":{\"@type\":\"ImageObject\",\"inLanguage\":\"es-ES\",\"@id\":\"https:\/\/www.rosen.senate.gov\/#\/schema\/person\/image\/\",\"url\":\"https:\/\/secure.gravatar.com\/avatar\/584d075031c65a5b9b00f186e355c657?s=96&d=mm&r=g\",\"contentUrl\":\"https:\/\/secure.gravatar.com\/avatar\/584d075031c65a5b9b00f186e355c657?s=96&d=mm&r=g\",\"caption\":\"Joseph Bush\"},\"url\":\"https:\/\/www.rosen.senate.gov\/es\/author\/jbush\/\"}]}<\/script>\n<!-- \/ Yoast SEO plugin. -->","yoast_head_json":{"title":"On National Voter Registration Day, Rosen Urges Nevadans to Get Registered to Vote - Jacky Rosen","robots":{"index":"index","follow":"follow","max-snippet":"max-snippet:-1","max-image-preview":"max-image-preview:large","max-video-preview":"max-video-preview:-1"},"canonical":"https:\/\/www.rosen.senate.gov\/es\/2022\/09\/20\/on-national-voter-registration-day-rosen-urges-nevadans-to-get-registered-to-vote\/","og_locale":"es_ES","og_type":"article","og_title":"On National Voter Registration Day, Rosen Urges Nevadans to Get Registered to Vote - Jacky Rosen","og_description":"WASHINGTON, DC \u2013 Today, on National Voter Registration Day, U.S. Senator Jacky Rosen (D-NV) released the following statement and infographic as a resource for all eligible Nevadans to learn how to register to vote and cast their ballot in the upcoming election this November. This online, shareable resource explains what steps Nevadans can take to [&hellip;]","og_url":"https:\/\/www.rosen.senate.gov\/es\/2022\/09\/20\/on-national-voter-registration-day-rosen-urges-nevadans-to-get-registered-to-vote\/","og_site_name":"Jacky Rosen","article_published_time":"2022-09-20T16:02:14+00:00","article_modified_time":"2023-01-31T17:45:26+00:00","author":"Joseph Bush","twitter_card":"summary_large_image","twitter_misc":{"Written by":"Joseph Bush","Est. reading time":"2 minutes"},"schema":{"@context":"https:\/\/schema.org","@graph":[{"@type":"Article","@id":"https:\/\/www.rosen.senate.gov\/2022\/09\/20\/on-national-voter-registration-day-rosen-urges-nevadans-to-get-registered-to-vote\/#article","isPartOf":{"@id":"https:\/\/www.rosen.senate.gov\/2022\/09\/20\/on-national-voter-registration-day-rosen-urges-nevadans-to-get-registered-to-vote\/"},"author":{"name":"Joseph Bush","@id":"https:\/\/www.rosen.senate.gov\/#\/schema\/person\/c907b4e9d06229b97b0226f217053aa7"},"headline":"On National Voter Registration Day, Rosen Urges Nevadans to Get Registered to Vote","datePublished":"2022-09-20T16:02:14+00:00","dateModified":"2023-01-31T17:45:26+00:00","mainEntityOfPage":{"@id":"https:\/\/www.rosen.senate.gov\/2022\/09\/20\/on-national-voter-registration-day-rosen-urges-nevadans-to-get-registered-to-vote\/"},"wordCount":362,"commentCount":0,"publisher":{"@id":"https:\/\/www.rosen.senate.gov\/#organization"},"keywords":["Civil Rights and Liberties","General"],"articleSection":["Press Releases"],"inLanguage":"es-ES","potentialAction":[{"@type":"CommentAction","name":"Comment","target":["https:\/\/www.rosen.senate.gov\/2022\/09\/20\/on-national-voter-registration-day-rosen-urges-nevadans-to-get-registered-to-vote\/#respond"]}]},{"@type":"WebPage","@id":"https:\/\/www.rosen.senate.gov\/2022\/09\/20\/on-national-voter-registration-day-rosen-urges-nevadans-to-get-registered-to-vote\/","url":"https:\/\/www.rosen.senate.gov\/2022\/09\/20\/on-national-voter-registration-day-rosen-urges-nevadans-to-get-registered-to-vote\/","name":"On National Voter Registration Day, Rosen Urges Nevadans to Get Registered to Vote - Jacky Rosen","isPartOf":{"@id":"https:\/\/www.rosen.senate.gov\/#website"},"datePublished":"2022-09-20T16:02:14+00:00","dateModified":"2023-01-31T17:45:26+00:00","breadcrumb":{"@id":"https:\/\/www.rosen.senate.gov\/2022\/09\/20\/on-national-voter-registration-day-rosen-urges-nevadans-to-get-registered-to-vote\/#breadcrumb"},"inLanguage":"es-ES","potentialAction":[{"@type":"ReadAction","target":["https:\/\/www.rosen.senate.gov\/2022\/09\/20\/on-national-voter-registration-day-rosen-urges-nevadans-to-get-registered-to-vote\/"]}]},{"@type":"BreadcrumbList","@id":"https:\/\/www.rosen.senate.gov\/2022\/09\/20\/on-national-voter-registration-day-rosen-urges-nevadans-to-get-registered-to-vote\/#breadcrumb","itemListElement":[{"@type":"ListItem","position":1,"name":"Home","item":"https:\/\/www.rosen.senate.gov\/"},{"@type":"ListItem","position":2,"name":"On National Voter Registration Day, Rosen Urges Nevadans to Get Registered to Vote"}]},{"@type":"WebSite","@id":"https:\/\/www.rosen.senate.gov\/#website","url":"https:\/\/www.rosen.senate.gov\/","name":"Jacky Rosen","description":"Senator for Nevada","publisher":{"@id":"https:\/\/www.rosen.senate.gov\/#organization"},"potentialAction":[{"@type":"SearchAction","target":{"@type":"EntryPoint","urlTemplate":"https:\/\/www.rosen.senate.gov\/?s={search_term_string}"},"query-input":{"@type":"PropertyValueSpecification","valueRequired":true,"valueName":"search_term_string"}}],"inLanguage":"es-ES"},{"@type":"Organization","@id":"https:\/\/www.rosen.senate.gov\/#organization","name":"United States Senate","url":"https:\/\/www.rosen.senate.gov\/","logo":{"@type":"ImageObject","inLanguage":"es-ES","@id":"https:\/\/www.rosen.senate.gov\/#\/schema\/logo\/image\/","url":"https:\/\/www.rosen.senate.gov\/wp-content\/uploads\/2022\/05\/logo-large.png","contentUrl":"https:\/\/www.rosen.senate.gov\/wp-content\/uploads\/2022\/05\/logo-large.png","width":631,"height":287,"caption":"United States Senate"},"image":{"@id":"https:\/\/www.rosen.senate.gov\/#\/schema\/logo\/image\/"}},{"@type":"Person","@id":"https:\/\/www.rosen.senate.gov\/#\/schema\/person\/c907b4e9d06229b97b0226f217053aa7","name":"Joseph Bush","image":{"@type":"ImageObject","inLanguage":"es-ES","@id":"https:\/\/www.rosen.senate.gov\/#\/schema\/person\/image\/","url":"https:\/\/secure.gravatar.com\/avatar\/584d075031c65a5b9b00f186e355c657?s=96&d=mm&r=g","contentUrl":"https:\/\/secure.gravatar.com\/avatar\/584d075031c65a5b9b00f186e355c657?s=96&d=mm&r=g","caption":"Joseph Bush"},"url":"https:\/\/www.rosen.senate.gov\/es\/author\/jbush\/"}]}},"_links":{"self":[{"href":"https:\/\/www.rosen.senate.gov\/es\/wp-json\/wp\/v2\/posts\/5946","targetHints":{"allow":["GET"]}}],"collection":[{"href":"https:\/\/www.rosen.senate.gov\/es\/wp-json\/wp\/v2\/posts"}],"about":[{"href":"https:\/\/www.rosen.senate.gov\/es\/wp-json\/wp\/v2\/types\/post"}],"author":[{"embeddable":true,"href":"https:\/\/www.rosen.senate.gov\/es\/wp-json\/wp\/v2\/users\/10"}],"replies":[{"embeddable":true,"href":"https:\/\/www.rosen.senate.gov\/es\/wp-json\/wp\/v2\/comments?post=5946"}],"version-history":[{"count":1,"href":"https:\/\/www.rosen.senate.gov\/es\/wp-json\/wp\/v2\/posts\/5946\/revisions"}],"predecessor-version":[{"id":5948,"href":"https:\/\/www.rosen.senate.gov\/es\/wp-json\/wp\/v2\/posts\/5946\/revisions\/5948"}],"wp:attachment":[{"href":"https:\/\/www.rosen.senate.gov\/es\/wp-json\/wp\/v2\/media?parent=5946"}],"wp:term":[{"taxonomy":"category","embeddable":true,"href":"https:\/\/www.rosen.senate.gov\/es\/wp-json\/wp\/v2\/categories?post=5946"},{"taxonomy":"post_tag","embeddable":true,"href":"https:\/\/www.rosen.senate.gov\/es\/wp-json\/wp\/v2\/tags?post=5946"}],"curies":[{"name":"wp","href":"https:\/\/api.w.org\/{rel}","templated":true}]}}